{"id":357,"date":"2025-10-28T22:12:49","date_gmt":"2025-10-29T02:12:49","guid":{"rendered":"https:\/\/rialtv.cl\/?p=357"},"modified":"2025-10-28T22:12:49","modified_gmt":"2025-10-29T02:12:49","slug":"fallece-a-los-88-anos-el-actor-chileno-hector-noguera","status":"publish","type":"post","link":"http:\/\/rialtv.cl\/?p=357","title":{"rendered":"Fallece a los 88 a\u00f1os el actor chileno H\u00e9ctor Noguera"},"content":{"rendered":"\n<p>Durante la ma\u00f1ana de este martes 28 de octubre se confirm\u00f3 el fallecimiento del destacado actor chileno H\u00e9ctor Noguera, a los 88 a\u00f1os de edad.<\/p>\n\n\n\n<p>El int\u00e9rprete es reconocido como una de las figuras m\u00e1s destacadas del teatro y la televisi\u00f3n chilena, con una trayectoria que se extendi\u00f3 por m\u00e1s de cuatro d\u00e9cadas en diversas producciones.<\/p>\n\n\n\n<p>H\u00e9ctor Noguera Illanes naci\u00f3 el 8 de julio de 1937 en Santiago. Por el lado paterno, era tataranieto del expresidente Jos\u00e9 Joaqu\u00edn Prieto. Contrajo matrimonio en dos ocasiones y fue padre de seis hijos \u2014dos hombres y cuatro mujeres\u2014, entre ellas las reconocidas actrices Amparo y Emilia Noguera.<\/p>\n\n\n\n<p>Tras egresar del Colegio San Ignacio de Alonso Ovalle, curs\u00f3 un a\u00f1o de Arquitectura, pero posteriormente decidi\u00f3 seguir su verdadera vocaci\u00f3n y se form\u00f3 en Teatro en la Academia de Arte Dram\u00e1tico del Teatro de Ensayo de la Universidad Cat\u00f3lica.<\/p>\n\n\n\n<p>En mayo de este a\u00f1o, una encuesta lo posicion\u00f3 como \u201cel mejor actor de la historia de Chile\u201d, t\u00edtulo que reflej\u00f3 el cari\u00f1o del p\u00fablico y el reconocimiento a una carrera que se extendi\u00f3 por casi siete d\u00e9cadas, llena de premios y aclamaci\u00f3n cr\u00edtica<\/p>\n\n\n\n<p>\u00abDespedimos con mucha tristeza a H\u00e9ctor Noguera, actor, director y maestro del teatro chileno. Premio Nacional de Artes de la Representaci\u00f3n y Audiovisuales 2015, su talento, compromiso y sensibilidad dej\u00f3 un legado sensible y contundente en la cultura de nuestro pa\u00eds\u00bb, se\u00f1al\u00f3 en X el Ministerio de las Culturas, tras confirmarse el fallecimiento del int\u00e9rprete.<\/p>\n\n\n\n<p><strong>TRAYECTORIA<\/strong><\/p>\n\n\n\n<p>Su debut teatral ocurri\u00f3 en 1958, y tres a\u00f1os despu\u00e9s incursion\u00f3 en el cine con la pel\u00edcula Deja que los perros ladren, dirigida por Naum Kramarenco.<\/p>\n\n\n\n<p>En 1963 hizo su primera aparici\u00f3n en la televisi\u00f3n chilena, y hacia fines de los a\u00f1os 60 particip\u00f3 en la emblem\u00e1tica cinta El Chacal de Nahueltoro, de Miguel Litt\u00edn.<\/p>\n\n\n\n<p>Entre las numerosas pel\u00edculas en las que particip\u00f3 destacan La p\u00e9rgola de las flores (1975), La rosa de los vientos (1980), La frontera (1991), Subterra (2003) y Neruda (2016), entre muchas otras.<\/p>\n\n\n\n<p>Gran parte de su labor art\u00edstica \u2014como actor, director y docente\u2014 la desarroll\u00f3 en el Teatro de la Universidad Cat\u00f3lica, aunque tambi\u00e9n integr\u00f3 agrupaciones como el Ictus, el Teatro de Comediantes y Teatro Q.<\/p>\n\n\n\n<p>En televisi\u00f3n, dej\u00f3 una huella imborrable con recordadas interpretaciones en teleseries como Padre Gallo (1977), Matrimonio de papel (1985), Trampas y caretas (1992), Est\u00fapido cupido (1995), Sucupira (1996), Roman\u00e9 (2000), Pampa Ilusi\u00f3n (2001), Machos (2003) y Perdona nuestros pecados (2017), entre muchas otras producciones que marcaron generaciones.<\/p>\n","protected":false},"excerpt":{"rendered":"<p>Durante la ma\u00f1ana de este martes 28 de octubre se confirm\u00f3 el fallecimiento del destacado actor chileno H\u00e9ctor Noguera, a los 88 a\u00f1os de edad. El int\u00e9rprete es reconocido como una de las figuras m\u00e1s destacadas del teatro y la televisi\u00f3n chilena, con una trayectoria que se extendi\u00f3 por m\u00e1s de cuatro d\u00e9cadas en diversas [&hellip;]<\/p>\n","protected":false},"author":2,"featured_media":358,"comment_status":"open","ping_status":"open","sticky":false,"template":"","format":"standard","meta":{"footnotes":""},"categories":[11],"tags":[],"class_list":["post-357","post","type-post","status-publish","format-standard","has-post-thumbnail","hentry","category-nacional"],"_links":{"self":[{"href":"http:\/\/rialtv.cl\/index.php?rest_route=\/wp\/v2\/posts\/357","targetHints":{"allow":["GET"]}}],"collection":[{"href":"http:\/\/rialtv.cl\/index.php?rest_route=\/wp\/v2\/posts"}],"about":[{"href":"http:\/\/rialtv.cl\/index.php?rest_route=\/wp\/v2\/types\/post"}],"author":[{"embeddable":true,"href":"http:\/\/rialtv.cl\/index.php?rest_route=\/wp\/v2\/users\/2"}],"replies":[{"embeddable":true,"href":"http:\/\/rialtv.cl\/index.php?rest_route=%2Fwp%2Fv2%2Fcomments&post=357"}],"version-history":[{"count":1,"href":"http:\/\/rialtv.cl\/index.php?rest_route=\/wp\/v2\/posts\/357\/revisions"}],"predecessor-version":[{"id":359,"href":"http:\/\/rialtv.cl\/index.php?rest_route=\/wp\/v2\/posts\/357\/revisions\/359"}],"wp:featuredmedia":[{"embeddable":true,"href":"http:\/\/rialtv.cl\/index.php?rest_route=\/wp\/v2\/media\/358"}],"wp:attachment":[{"href":"http:\/\/rialtv.cl\/index.php?rest_route=%2Fwp%2Fv2%2Fmedia&parent=357"}],"wp:term":[{"taxonomy":"category","embeddable":true,"href":"http:\/\/rialtv.cl\/index.php?rest_route=%2Fwp%2Fv2%2Fcategories&post=357"},{"taxonomy":"post_tag","embeddable":true,"href":"http:\/\/rialtv.cl\/index.php?rest_route=%2Fwp%2Fv2%2Ftags&post=357"}],"curies":[{"name":"wp","href":"https:\/\/api.w.org\/{rel}","templated":true}]}}